{"id":8739,"date":"2024-09-04T17:55:20","date_gmt":"2024-09-04T17:55:20","guid":{"rendered":"https:\/\/item24us.news\/?p=8739"},"modified":"2024-09-04T21:20:21","modified_gmt":"2024-09-04T21:20:21","slug":"derecho-a-reparar","status":"publish","type":"post","link":"https:\/\/item24us.news\/es\/derecho-a-reparar\/","title":{"rendered":"Derecho a reparar \u2013 \u00bfQu\u00e9 significa para las empresas?"},"content":{"rendered":"<p><div class=\"fusion-fullwidth fullwidth-box fusion-builder-row-1 fusion-flex-container has-pattern-background has-mask-background nonhundred-percent-fullwidth non-hundred-percent-height-scrolling\" style=\"--awb-border-radius-top-left:0px;--awb-border-radius-top-right:0px;--awb-border-radius-bottom-right:0px;--awb-border-radius-bottom-left:0px;--awb-flex-wrap:wrap;\" ><div class=\"fusion-builder-row fusion-row fusion-flex-align-items-flex-start fusion-flex-content-wrap\" style=\"max-width:1040px;margin-left: calc(-4% \/ 2 );margin-right: calc(-4% \/ 2 );\"><div class=\"fusion-layout-column fusion_builder_column fusion-builder-column-0 fusion_builder_column_1_1 1_1 fusion-flex-column\" style=\"--awb-bg-size:cover;--awb-width-large:100%;--awb-margin-top-large:0px;--awb-spacing-right-large:1.92%;--awb-margin-bottom-large:20px;--awb-spacing-left-large:1.92%;--awb-width-medium:100%;--awb-order-medium:0;--awb-spacing-right-medium:1.92%;--awb-spacing-left-medium:1.92%;--awb-width-small:100%;--awb-order-small:0;--awb-spacing-right-small:1.92%;--awb-spacing-left-small:1.92%;\"><div class=\"fusion-column-wrapper fusion-column-has-shadow fusion-flex-justify-content-flex-start fusion-content-layout-column\"><div class=\"fusion-sharing-box fusion-sharing-box-1\" style=\"background-color:#ffffff;border-color:#ffffff;--awb-margin-top:10px;--awb-separator-border-color:#cccccc;--awb-separator-border-sizes:0px;--awb-alignment:center;--awb-layout:row;--awb-alignment-small:space-between;--awb-stacked-align-small:center;\" data-title=\"Derecho a reparar \u2013 \u00bfQu\u00e9 significa para las empresas?\" data-description=\"Derecho a reparar \u2013 \u00bfQu\u00e9 significa para las empresas?\r\nReparar en lugar de desechar: el &quot;derecho a reparar&quot; est\u00e1 a la vuelta de la esquina. \u00bfPero qu\u00e9 significa esto para la fabricaci\u00f3n y la renovaci\u00f3n? \u00bfY cu\u00e1l es la mejor manera de dise\u00f1ar una mesa de trabajo para labores de reparaci\u00f3n? Preguntamos\" data-link=\"https:\/\/item24us.news\/es\/derecho-a-reparar\/\"><div class=\"fusion-social-networks sharingbox-shortcode-icon-wrapper sharingbox-shortcode-icon-wrapper-1\"><span><a href=\"https:\/\/www.facebook.com\/sharer.php?u=https%3A%2F%2Fitem24us.news%2Fes%2Fderecho-a-reparar%2F&amp;t=Derecho%20a%20reparar%20%E2%80%93%20%C2%BFQu%C3%A9%20significa%20para%20las%20empresas%3F\" target=\"_blank\" rel=\"noreferrer\" title=\"Facebook\" aria-label=\"Facebook\" data-placement=\"top\" data-toggle=\"tooltip\" data-title=\"Facebook\"><i class=\"fusion-social-network-icon fusion-tooltip fusion-facebook awb-icon-facebook\" style=\"color:#bebdbd;\" aria-hidden=\"true\"><\/i><\/a><\/span><span><a href=\"https:\/\/x.com\/intent\/post?text=Derecho%20a%20reparar%20%E2%80%93%20%C2%BFQu%C3%A9%20significa%20para%20las%20empresas%3F&amp;url=https%3A%2F%2Fitem24us.news%2Fes%2Fderecho-a-reparar%2F\" target=\"_blank\" rel=\"noopener noreferrer\" title=\"X\" aria-label=\"X\" data-placement=\"top\" data-toggle=\"tooltip\" data-title=\"X\"><i class=\"fusion-social-network-icon fusion-tooltip fusion-twitter awb-icon-twitter\" style=\"color:#bebdbd;\" aria-hidden=\"true\"><\/i><\/a><\/span><span><a href=\"https:\/\/reddit.com\/submit?url=https%3A%2F%2Fitem24us.news%2Fes%2Fderecho-a-reparar%2F&amp;title=Derecho%20a%20reparar%20%E2%80%93%20%C2%BFQu%C3%A9%20significa%20para%20las%20empresas%3F\" target=\"_blank\" rel=\"noopener noreferrer\" title=\"Reddit\" aria-label=\"Reddit\" data-placement=\"top\" data-toggle=\"tooltip\" data-title=\"Reddit\"><i class=\"fusion-social-network-icon fusion-tooltip fusion-reddit awb-icon-reddit\" style=\"color:#bebdbd;\" aria-hidden=\"true\"><\/i><\/a><\/span><span><a href=\"https:\/\/www.linkedin.com\/shareArticle?mini=true&amp;url=https%3A%2F%2Fitem24us.news%2Fes%2Fderecho-a-reparar%2F&amp;title=Derecho%20a%20reparar%20%E2%80%93%20%C2%BFQu%C3%A9%20significa%20para%20las%20empresas%3F&amp;summary=Derecho%20a%20reparar%20%E2%80%93%20%C2%BFQu%C3%A9%20significa%20para%20las%20empresas%3F%0D%0AReparar%20en%20lugar%20de%20desechar%3A%20el%20%26quot%3Bderecho%20a%20reparar%26quot%3B%20est%C3%A1%20a%20la%20vuelta%20de%20la%20esquina.%20%C2%BFPero%20qu%C3%A9%20significa%20esto%20para%20la%20fabricaci%C3%B3n%20y%20la%20renovaci%C3%B3n%3F%20%C2%BFY%20cu%C3%A1l%20es%20la%20mejor%20manera%20de%20dise%C3%B1ar%20una%20mesa%20de%20trabajo%20para%20labores%20de%20reparaci%C3%B3n%3F%20Preguntamos\" target=\"_blank\" rel=\"noopener noreferrer\" title=\"LinkedIn\" aria-label=\"LinkedIn\" data-placement=\"top\" data-toggle=\"tooltip\" data-title=\"LinkedIn\"><i class=\"fusion-social-network-icon fusion-tooltip fusion-linkedin awb-icon-linkedin\" style=\"color:#bebdbd;\" aria-hidden=\"true\"><\/i><\/a><\/span><span><a href=\"mailto:?subject=Derecho%20a%20reparar%20%E2%80%93%20%C2%BFQu%C3%A9%20significa%20para%20las%20empresas%3F&amp;body=https%3A%2F%2Fitem24us.news%2Fes%2Fderecho-a-reparar%2F\" target=\"_self\" title=\"Email\" aria-label=\"Email\" data-placement=\"top\" data-toggle=\"tooltip\" data-title=\"Email\"><i class=\"fusion-social-network-icon fusion-tooltip fusion-mail awb-icon-mail\" style=\"color:#bebdbd;\" aria-hidden=\"true\"><\/i><\/a><\/span><\/div><\/div><\/div><\/div><\/div><\/div><div class=\"fusion-fullwidth fullwidth-box fusion-builder-row-2 fusion-flex-container has-pattern-background has-mask-background nonhundred-percent-fullwidth non-hundred-percent-height-scrolling\" style=\"--awb-border-radius-top-left:0px;--awb-border-radius-top-right:0px;--awb-border-radius-bottom-right:0px;--awb-border-radius-bottom-left:0px;--awb-flex-wrap:wrap;\" ><div class=\"fusion-builder-row fusion-row fusion-flex-align-items-flex-start fusion-flex-content-wrap\" style=\"max-width:1040px;margin-left: calc(-4% \/ 2 );margin-right: calc(-4% \/ 2 );\"><div class=\"fusion-layout-column fusion_builder_column fusion-builder-column-1 fusion_builder_column_1_1 1_1 fusion-flex-column\" style=\"--awb-bg-size:cover;--awb-width-large:100%;--awb-margin-top-large:0px;--awb-spacing-right-large:1.92%;--awb-margin-bottom-large:20px;--awb-spacing-left-large:1.92%;--awb-width-medium:100%;--awb-order-medium:0;--awb-spacing-right-medium:1.92%;--awb-spacing-left-medium:1.92%;--awb-width-small:100%;--awb-order-small:0;--awb-spacing-right-small:1.92%;--awb-spacing-left-small:1.92%;\"><div class=\"fusion-column-wrapper fusion-column-has-shadow fusion-flex-justify-content-flex-start fusion-content-layout-column\"><div class=\"fusion-text fusion-text-1\"><h1>Derecho a reparar \u2013 \u00bfQu\u00e9 significa para las empresas?<\/h1>\n<h4><strong>Reparar en lugar de desechar: el \u00abderecho a reparar\u00bb est\u00e1 a la vuelta de la esquina. \u00bfPero qu\u00e9 significa esto para la fabricaci\u00f3n y la renovaci\u00f3n? \u00bfY cu\u00e1l es la mejor manera de dise\u00f1ar una mesa de trabajo para labores de reparaci\u00f3n? Preguntamos a nuestros expertos por ti.<\/strong><\/h4>\n<p class=\"p1\">\u00bfPuedes imaginarte 35 millones de toneladas m\u00e9tricas de residuos? Para ponerlo en perspectiva, cada persona en la Tierra (alrededor de 8 mil millones) tendr\u00eda que poseer unos 22 tel\u00e9fonos inteligentes para producir esta cantidad de residuos. Eso es mucho. Tambi\u00e9n es la cantidad de desechos que se producen en la UE cada a\u00f1o, y casi cinco millones de toneladas m\u00e9tricas de estos son desechos electr\u00f3nicos. Considera esto: \u00bfcu\u00e1nto tiempo pasa antes de que tu tel\u00e9fono inteligente deje de funcionar como deber\u00eda y parezca rendirse por completo? Cuando un dispositivo falla, repararlo a menudo puede parecer imposible o antiecon\u00f3mico. Este es un problema com\u00fan. Una nueva ley est\u00e1 a punto de cambiar eso: el derecho a reparar. Esta ley plantea muchas preguntas: \u00bfQu\u00e9 es exactamente el derecho a reparar? \u00bfA qu\u00e9 productos se aplica? \u00bfY qu\u00e9 significa para las empresas?<\/p>\n<p class=\"p1\">Una cosa es segura: cualquiera que busque reparar productos en el futuro necesitar\u00e1 tener el tipo adecuado de mesas de trabajo para llevar a cabo los procesos necesarios. Si a\u00fan no tienes tu propio taller de reparaci\u00f3n, se est\u00e1n abriendo toda una serie de nuevas oportunidades de negocio. Y ese es el factor clave, como explica nuestro experto en mesas de trabajo, Marius Geibel.<\/p>\n<p class=\"p1\">Sistema de Mesas de Trabajo de item Ergon\u00f3mico, eficiente y expandible: el Sistema de Mesas de Trabajo de item ofrece las soluciones ideales para tareas de producci\u00f3n manual.<\/p>\n<\/div><div class=\"fusion-image-element \" style=\"text-align:center;--awb-margin-bottom:20px;--awb-caption-title-font-family:var(--h2_typography-font-family);--awb-caption-title-font-weight:var(--h2_typography-font-weight);--awb-caption-title-font-style:var(--h2_typography-font-style);--awb-caption-title-size:var(--h2_typography-font-size);--awb-caption-title-transform:var(--h2_typography-text-transform);--awb-caption-title-line-height:var(--h2_typography-line-height);--awb-caption-title-letter-spacing:var(--h2_typography-letter-spacing);\"><span class=\" fusion-imageframe imageframe-none imageframe-1 hover-type-none\"><img decoding=\"async\" width=\"300\" height=\"300\" alt=\"Derecho a reparar\" title=\"marius-geibel-ergonomie-experte-bei-item\" src=\"https:\/\/item24us.news\/wp-content\/uploads\/2024\/08\/marius-geibel-ergonomie-experte-bei-item.jpg\" data-orig-src=\"https:\/\/item24us.news\/wp-content\/uploads\/2024\/08\/marius-geibel-ergonomie-experte-bei-item.jpg\" class=\"lazyload img-responsive wp-image-8708\" srcset=\"data:image\/svg+xml,%3Csvg%20xmlns%3D%27http%3A%2F%2Fwww.w3.org%2F2000%2Fsvg%27%20width%3D%27300%27%20height%3D%27300%27%20viewBox%3D%270%200%20300%20300%27%3E%3Crect%20width%3D%27300%27%20height%3D%27300%27%20fill-opacity%3D%220%22%2F%3E%3C%2Fsvg%3E\" data-srcset=\"https:\/\/item24us.news\/wp-content\/uploads\/2024\/08\/marius-geibel-ergonomie-experte-bei-item-200x200.jpg 200w, https:\/\/item24us.news\/wp-content\/uploads\/2024\/08\/marius-geibel-ergonomie-experte-bei-item.jpg 300w\" data-sizes=\"auto\" data-orig-sizes=\"(max-width: 1024px) 100vw, (max-width: 640px) 100vw, 300px\" \/><\/span><\/div><div class=\"fusion-text fusion-text-2 fusion-text-no-margin\" style=\"--awb-margin-bottom:30px;\"><div style=\"background-color: #f4f4f4;padding: 30px 40px 40px 40px\">\n<h3>Work Bench System from item<\/h3>\n<h6>Ergonomic, efficient and expandable \u2013 the Work Bench System from item offers the ideal solutions for manual production tasks.<\/h6>\n<div class=\"fusion-button-wrapper\"><a class=\"fusion-button button-flat fusion-button-default-size button-default fusion-button-default button-1 fusion-button-default-span fusion-button-default-type\" target=\"_self\" href=\"https:\/\/de.item24.com\/en\/theme-world\/work-bench-system\/?utm_source=blog&amp;utm_medium=banner&amp;utm_campaign=aps&amp;utm_form=recht-auf-reparatur-en\" rel=\"noopener\"><span class=\"fusion-button-text awb-button__text awb-button__text--default\">FIND OUT MORE NOW!<\/span><\/a><\/div><\/div>\n<\/div><div class=\"fusion-text fusion-text-3\"><h3 class=\"p1\"><b>\u00bfQu\u00e9 es el derecho a reparar y a qu\u00e9 productos se aplica?<\/b><\/h3>\n<p class=\"p2\">El derecho a reparar es una nueva directiva de la UE: la propuesta asociada entr\u00f3 en vigor el 1 de julio de 2024. Los estados miembros de la UE ahora tienen dos a\u00f1os para integrarla en la legislaci\u00f3n nacional. El plazo para esto es el 31 de julio de 2026. Esta nueva directiva requiere que las empresas reparen sus productos incluso despu\u00e9s de que haya expirado el per\u00edodo de garant\u00eda legal.<\/p>\n<p class=\"p2\">Esto tiene como objetivo promover la reparaci\u00f3n sobre el reemplazo. Despu\u00e9s de una reparaci\u00f3n, el per\u00edodo de garant\u00eda legal se extiende por un a\u00f1o. Adem\u00e1s, se debe proporcionar a los consumidores dispositivos de reemplazo, herramientas e informaci\u00f3n de reparaci\u00f3n. El objetivo de la nueva directiva es prolongar la vida \u00fatil de los productos y reducir los desechos electr\u00f3nicos.<\/p>\n<\/div><div class=\"fusion-text fusion-text-4\"><blockquote style=\"background-color: #e2e2e2;padding-bottom: 33px\">\n<h4>El derecho a reparar est\u00e1 dise\u00f1ado para extender la vida \u00fatil de los productos y reducir los desechos electr\u00f3nicos.<\/h4>\n<\/blockquote>\n<\/div><\/div><\/div><\/div><\/div><div class=\"fusion-fullwidth fullwidth-box fusion-builder-row-3 fusion-flex-container has-pattern-background has-mask-background nonhundred-percent-fullwidth non-hundred-percent-height-scrolling\" style=\"--awb-border-radius-top-left:0px;--awb-border-radius-top-right:0px;--awb-border-radius-bottom-right:0px;--awb-border-radius-bottom-left:0px;--awb-margin-top:30px;--awb-flex-wrap:wrap;\" ><div class=\"fusion-builder-row fusion-row fusion-flex-align-items-flex-start fusion-flex-content-wrap\" style=\"max-width:1040px;margin-left: calc(-4% \/ 2 );margin-right: calc(-4% \/ 2 );\"><div class=\"fusion-layout-column fusion_builder_column fusion-builder-column-2 fusion_builder_column_1_1 1_1 fusion-flex-column\" style=\"--awb-bg-size:cover;--awb-width-large:100%;--awb-margin-top-large:0px;--awb-spacing-right-large:1.92%;--awb-margin-bottom-large:20px;--awb-spacing-left-large:1.92%;--awb-width-medium:100%;--awb-order-medium:0;--awb-spacing-right-medium:1.92%;--awb-spacing-left-medium:1.92%;--awb-width-small:100%;--awb-order-small:0;--awb-spacing-right-small:1.92%;--awb-spacing-left-small:1.92%;\"><div class=\"fusion-column-wrapper fusion-column-has-shadow fusion-flex-justify-content-flex-start fusion-content-layout-column\"><div class=\"fusion-text fusion-text-5\"><p class=\"p1\">El derecho a reparar se aplicar\u00e1 inicialmente a electrodom\u00e9sticos, productos electr\u00f3nicos de consumo y productos de TI (por ejemplo, lavadoras, aspiradoras, tel\u00e9fonos inteligentes, equipos de soldadura y servidores). Se espera que la lista de productos afectados contin\u00fae expandi\u00e9ndose. El objetivo a largo plazo es cubrir tantos dispositivos y aparatos como sea posible. \u00bfY qu\u00e9 significa eso para los consumidores? Se benefician de costos m\u00e1s bajos y una mayor vida \u00fatil de los productos.\u201d<\/p>\n<h3 class=\"p2\"><b>\u00bfQu\u00e9 significa la directiva para la fabricaci\u00f3n? <\/b><\/h3>\n<p class=\"p1\">Los fabricantes ahora deben ofrecer servicios de reparaci\u00f3n. Pueden hacerlo directamente, a trav\u00e9s de empresas de servicios o mediante talleres independientes. Al fabricar productos, las empresas deben asegurarse de que estos productos puedan ser reparados. Por ejemplo, muchas personas han descubierto que reemplazar la bater\u00eda en su tel\u00e9fono inteligente es pr\u00e1cticamente imposible. En el futuro, los dispositivos deben dise\u00f1arse para que sean convenientes de reparar. De manera similar, las piezas de repuesto tambi\u00e9n deben estar disponibles para los consumidores, y la informaci\u00f3n relacionada con las reparaciones debe ser m\u00e1s accesible.<\/p>\n<\/div><div class=\"fusion-text fusion-text-6\"><blockquote style=\"background-color: #e2e2e2;padding-bottom: 33px\">\n<h4>Al fabricar productos, las empresas deben asegurarse de que estos productos puedan ser reparados.<\/h4>\n<\/blockquote>\n<\/div><div class=\"fusion-text fusion-text-7\" style=\"--awb-margin-top:20px;\"><p class=\"p1\">La ley prev\u00e9 una extensi\u00f3n de la garant\u00eda legal despu\u00e9s de una reparaci\u00f3n. Este es un gran beneficio para los consumidores, ya que les permite disfrutar de sus dispositivos por m\u00e1s tiempo. Adem\u00e1s de los ahorros en costos, la ley contribuye a la sostenibilidad, conservando materias primas valiosas y reduciendo los desechos electr\u00f3nicos. Algunos pa\u00edses y estados federales est\u00e1n apoyando financieramente estas medidas, lo que brinda a los fabricantes un incentivo adicional para adaptarse r\u00e1pidamente. Sin embargo, los fabricantes solo tienen un per\u00edodo de transici\u00f3n de dos a\u00f1os, lo que es un tiempo muy corto para un ciclo de desarrollo de productos.\u201d<\/p>\n<h3 class=\"p2\"><b>\u201cUna mesa de trabajo para reparaciones debe dise\u00f1arse de manera eficiente y ergon\u00f3mica. A diferencia de la producci\u00f3n, aqu\u00ed el enfoque est\u00e1 en las herramientas y el acceso r\u00e1pido a la informaci\u00f3n. Una mesa de trabajo ideal ayudar\u00e1 a los usuarios a tener a mano todas las herramientas necesarias, una amplia gama de piezas de repuesto e instrucciones en muy poco tiempo, asegurando que los usuarios agreguen valor cada vez que tomen algo.<\/p>\n<\/div><div class=\"fusion-text fusion-text-8\"><blockquote style=\"background-color: #e2e2e2;padding-bottom: 33px\">\n<h4>\u00bfQu\u00e9 debes tener en cuenta al dise\u00f1ar mesas de trabajo para reparaciones en talleres? <\/h4>\n<\/blockquote>\n<\/div><div class=\"fusion-text fusion-text-9\"><p class=\"p1\">Una mesa de trabajo para reparaciones debe dise\u00f1arse de manera eficiente y ergon\u00f3mica. A diferencia de la producci\u00f3n, aqu\u00ed el enfoque est\u00e1 en las herramientas y el acceso r\u00e1pido a la informaci\u00f3n. Una mesa de trabajo ideal ayudar\u00e1 a los usuarios a tener a mano todas las herramientas necesarias, una amplia gama de piezas de repuesto e instrucciones en muy poco tiempo, asegurando que los usuarios agreguen valor cada vez que tomen algo.<\/p>\n<p class=\"p1\">Una mesa de trabajo para reparaciones debe dise\u00f1arse de manera eficiente y ergon\u00f3mica. A diferencia de la producci\u00f3n, aqu\u00ed el enfoque est\u00e1 en las herramientas y el acceso r\u00e1pido a la informaci\u00f3n.<\/p>\n<\/div><div class=\"fusion-image-element \" style=\"--awb-caption-title-font-family:var(--h2_typography-font-family);--awb-caption-title-font-weight:var(--h2_typography-font-weight);--awb-caption-title-font-style:var(--h2_typography-font-style);--awb-caption-title-size:var(--h2_typography-font-size);--awb-caption-title-transform:var(--h2_typography-text-transform);--awb-caption-title-line-height:var(--h2_typography-line-height);--awb-caption-title-letter-spacing:var(--h2_typography-letter-spacing);\"><span class=\" fusion-imageframe imageframe-none imageframe-2 hover-type-none\"><img decoding=\"async\" width=\"1000\" height=\"600\" alt=\"Right to repair\" title=\"recht-auf-reparatur-was-bedeutet-das-fuer-unternehmen-item-blog-bild-im-beitrag\" src=\"https:\/\/item24us.news\/wp-content\/uploads\/2024\/08\/recht-auf-reparatur-was-bedeutet-das-fuer-unternehmen-item-blog-bild-im-beitrag.jpg\" data-orig-src=\"https:\/\/item24us.news\/wp-content\/uploads\/2024\/08\/recht-auf-reparatur-was-bedeutet-das-fuer-unternehmen-item-blog-bild-im-beitrag.jpg\" class=\"lazyload img-responsive wp-image-8712\" srcset=\"data:image\/svg+xml,%3Csvg%20xmlns%3D%27http%3A%2F%2Fwww.w3.org%2F2000%2Fsvg%27%20width%3D%271000%27%20height%3D%27600%27%20viewBox%3D%270%200%201000%20600%27%3E%3Crect%20width%3D%271000%27%20height%3D%27600%27%20fill-opacity%3D%220%22%2F%3E%3C%2Fsvg%3E\" data-srcset=\"https:\/\/item24us.news\/wp-content\/uploads\/2024\/08\/recht-auf-reparatur-was-bedeutet-das-fuer-unternehmen-item-blog-bild-im-beitrag-200x120.jpg 200w, https:\/\/item24us.news\/wp-content\/uploads\/2024\/08\/recht-auf-reparatur-was-bedeutet-das-fuer-unternehmen-item-blog-bild-im-beitrag-400x240.jpg 400w, https:\/\/item24us.news\/wp-content\/uploads\/2024\/08\/recht-auf-reparatur-was-bedeutet-das-fuer-unternehmen-item-blog-bild-im-beitrag-600x360.jpg 600w, https:\/\/item24us.news\/wp-content\/uploads\/2024\/08\/recht-auf-reparatur-was-bedeutet-das-fuer-unternehmen-item-blog-bild-im-beitrag-800x480.jpg 800w, https:\/\/item24us.news\/wp-content\/uploads\/2024\/08\/recht-auf-reparatur-was-bedeutet-das-fuer-unternehmen-item-blog-bild-im-beitrag.jpg 1000w\" data-sizes=\"auto\" data-orig-sizes=\"(max-width: 1024px) 100vw, (max-width: 640px) 100vw, 1000px\" \/><\/span><\/div><div class=\"fusion-text fusion-text-10\" style=\"--awb-margin-top:15px;\"><p class=\"p1\" style=\"text-align: center\"><em>El Sistema de Mesas de Trabajo de item es ideal para estaciones de trabajo de reparaci\u00f3n.<br \/>\n<\/em><\/p>\n<\/div><div class=\"fusion-text fusion-text-11\" style=\"--awb-margin-top:30px;\"><h3 class=\"p1\"><b>\u00bfC\u00f3mo pueden las empresas de producci\u00f3n beneficiarse del dise\u00f1o optimizado de mesas de trabajo? <\/b><\/h3>\n<p class=\"p2\">\u201cEl nuevo derecho a reparar presenta a los fabricantes y a las empresas de renovaci\u00f3n otro conjunto de desaf\u00edos. La competencia se est\u00e1 volviendo m\u00e1s intensa, lo que hace que la salud de los empleados sea m\u00e1s importante que nunca. Aqu\u00ed es donde un dise\u00f1o optimizado de la mesa de trabajo puede marcar la diferencia. Una mesa de trabajo bien equipada, con las herramientas adecuadas y sistemas de informaci\u00f3n de acci\u00f3n r\u00e1pida, aumenta la eficiencia y reduce los costos.<\/p>\n<\/div><div class=\"fusion-text fusion-text-12\"><blockquote style=\"background-color: #e2e2e2;padding-bottom: 33px\">\n<h4>El Sistema de Mesas de Trabajo de item ofrece soluciones personalizadas espec\u00edficamente para reparaciones.<\/h4>\n<\/blockquote>\n<\/div><div class=\"fusion-text fusion-text-13\" style=\"--awb-margin-top:30px;\"><p class=\"p2\">Las mesas de trabajo dise\u00f1adas ergon\u00f3micamente promueven la salud y la productividad de los empleados. Adem\u00e1s, los procesos eficientes ayudan a mejorar la competitividad de las empresas. El derecho a reparar ofrece a los fabricantes y empresas de renovaci\u00f3n una oportunidad para optimizar sus procesos y mejorar la satisfacci\u00f3n y fidelidad del cliente.\u201d<\/p>\n<\/div><div class=\"fusion-text fusion-text-14\" style=\"--awb-margin-top:30px;\"><h3 class=\"p1\"><b>\u00bfQu\u00e9 experiencia tiene item en la provisi\u00f3n de mesas de trabajo para talleres de reparaci\u00f3n? <\/b><\/h3>\n<p class=\"p2\">\u201citem tiene una amplia experiencia en la provisi\u00f3n de mesas de trabajo espec\u00edficas para reparaciones. Esta experiencia se destaca especialmente cuando se trata de dispositivos de alto valor. Un ejemplo notable es nuestra colaboraci\u00f3n con Olympus Medical Products Portugal, que ahora est\u00e1 reparando y manteniendo endoscopios en una nueva instalaci\u00f3n de reparaci\u00f3n. Personalizamos m\u00e1s de 200 mesas de trabajo para satisfacer las necesidades espec\u00edficas del personal. La nueva instalaci\u00f3n cubre m\u00e1s de 1000 m\u00b2. Las reparaciones ahora pueden llevarse a cabo en Olympus con la m\u00e1xima eficiencia y a los m\u00e1s altos est\u00e1ndares.\u201d<\/p>\n<\/div><div class=\"fusion-video fusion-youtube\" style=\"--awb-max-width:600px;--awb-max-height:360px;--awb-align-self:center;--awb-width:100%;\"><div class=\"video-shortcode\"><lite-youtube videoid=\"M4_jbGY4tfs\" class=\"landscape\" params=\"wmode=transparent&autoplay=1&enablejsapi=1\" title=\"YouTube video player 1\" width=\"600\" height=\"360\" data-thumbnail-size=\"auto\" data-no-cookie=\"on\"><\/lite-youtube><\/div><\/div><div class=\"fusion-text fusion-text-15\" style=\"--awb-margin-top:30px;\"><h3 class=\"p1\"><b>\u00bfCu\u00e1l es tu opini\u00f3n personal sobre la nueva directiva? <\/b><\/h3>\n<p class=\"p2\">Esta nueva ley es un gran paso en la direcci\u00f3n correcta. Beneficia tanto a los clientes como al medio ambiente al extender la vida \u00fatil de los productos y conservar los recursos. A m\u00ed me gusta reparar cosas por m\u00ed mismo. Se obtiene una verdadera satisfacci\u00f3n al darle una segunda vida a un producto defectuoso. Si esto se convierte en obligatorio, tanto las personas como el medio ambiente se beneficiar\u00e1n por igual.<\/p>\n<\/div><div class=\"fusion-text fusion-text-16\"><blockquote style=\"background-color: #e2e2e2;padding-bottom: 33px\">\n<h4>Esta nueva ley es un gran paso en la direcci\u00f3n correcta. Beneficia tanto a los clientes como al medio ambiente al extender la vida \u00fatil de los productos y conservar los recursos. <\/h4>\n<\/blockquote>\n<\/div><div class=\"fusion-text fusion-text-17\" style=\"--awb-margin-top:30px;\"><p class=\"p1\">Espero que la ley no tenga grandes lagunas y cubra tantos productos como sea posible. Las empresas est\u00e1n claramente bajo presi\u00f3n, y adaptarse podr\u00eda ser un desaf\u00edo. Ser\u00e1 interesante ver c\u00f3mo responden a esto y si surgen nuevas empresas de servicios. En general, veo la ley como un paso crucial hacia la sostenibilidad y la conservaci\u00f3n de recursos.\u201d<\/p>\n<p class=\"p1\">\u00bfQuieres estar al d\u00eda de todo lo que ocurre en el mundo de item? S\u00f3lo tiene que suscribirse al blog de item completando la casilla de la parte superior derecha.<\/p>\n<\/div><\/div><\/div><div class=\"fusion-layout-column fusion_builder_column fusion-builder-column-3 fusion_builder_column_1_2 1_2 fusion-flex-column\" style=\"--awb-bg-size:cover;--awb-width-large:50%;--awb-margin-top-large:0px;--awb-spacing-right-large:3.84%;--awb-margin-bottom-large:20px;--awb-spacing-left-large:3.84%;--awb-width-medium:100%;--awb-order-medium:0;--awb-spacing-right-medium:1.92%;--awb-spacing-left-medium:1.92%;--awb-width-small:100%;--awb-order-small:0;--awb-spacing-right-small:1.92%;--awb-spacing-left-small:1.92%;\"><div class=\"fusion-column-wrapper fusion-column-has-shadow fusion-flex-justify-content-flex-start fusion-content-layout-column\"><\/div><\/div><\/div><\/div><\/p>\n","protected":false},"excerpt":{"rendered":"","protected":false},"author":5,"featured_media":8709,"comment_status":"closed","ping_status":"open","sticky":false,"template":"","format":"standard","meta":{"footnotes":""},"categories":[25],"tags":[],"class_list":["post-8739","post","type-post","status-publish","format-standard","has-post-thumbnail","hentry","category-sin-categorizar"],"_links":{"self":[{"href":"https:\/\/item24us.news\/es\/wp-json\/wp\/v2\/posts\/8739","targetHints":{"allow":["GET"]}}],"collection":[{"href":"https:\/\/item24us.news\/es\/wp-json\/wp\/v2\/posts"}],"about":[{"href":"https:\/\/item24us.news\/es\/wp-json\/wp\/v2\/types\/post"}],"author":[{"embeddable":true,"href":"https:\/\/item24us.news\/es\/wp-json\/wp\/v2\/users\/5"}],"replies":[{"embeddable":true,"href":"https:\/\/item24us.news\/es\/wp-json\/wp\/v2\/comments?post=8739"}],"version-history":[{"count":8,"href":"https:\/\/item24us.news\/es\/wp-json\/wp\/v2\/posts\/8739\/revisions"}],"predecessor-version":[{"id":8747,"href":"https:\/\/item24us.news\/es\/wp-json\/wp\/v2\/posts\/8739\/revisions\/8747"}],"wp:featuredmedia":[{"embeddable":true,"href":"https:\/\/item24us.news\/es\/wp-json\/wp\/v2\/media\/8709"}],"wp:attachment":[{"href":"https:\/\/item24us.news\/es\/wp-json\/wp\/v2\/media?parent=8739"}],"wp:term":[{"taxonomy":"category","embeddable":true,"href":"https:\/\/item24us.news\/es\/wp-json\/wp\/v2\/categories?post=8739"},{"taxonomy":"post_tag","embeddable":true,"href":"https:\/\/item24us.news\/es\/wp-json\/wp\/v2\/tags?post=8739"}],"curies":[{"name":"wp","href":"https:\/\/api.w.org\/{rel}","templated":true}]}}